{"id":211,"date":"2025-05-13T16:28:51","date_gmt":"2025-05-13T19:28:51","guid":{"rendered":"https:\/\/www.requinte.ind.br\/blog\/?p=211"},"modified":"2025-06-02T16:31:28","modified_gmt":"2025-06-02T19:31:28","slug":"a-escolha-do-fabricante-de-domos-industriais-solucoes-sob-medida-fazem-a-diferenca","status":"publish","type":"post","link":"https:\/\/www.requinte.ind.br\/blog\/a-escolha-do-fabricante-de-domos-industriais-solucoes-sob-medida-fazem-a-diferenca\/","title":{"rendered":"A escolha do fabricante de domos industriais: solu\u00e7\u00f5es sob medida fazem a diferen\u00e7a"},"content":{"rendered":"\n<p><strong><em>Meta-descri\u00e7\u00e3o: Entenda como a escolha do fabricante de domos influencia diretamente a efici\u00eancia, durabilidade e conforto t\u00e9rmico das coberturas industriais.<\/em><\/strong><\/p>\n\n\n\n<p>Em projetos industriais, cada detalhe conta para garantir desempenho, seguran\u00e7a e economia. Um desses detalhes, frequentemente subestimado, \u00e9 a escolha do <strong>fabricante de domos<\/strong>.<\/p>\n\n\n\n<p>Optar por um fornecedor experiente e com solu\u00e7\u00f5es personalizadas, como a <strong>Requinte<\/strong>, pode representar um salto na efici\u00eancia da <strong>cobertura industrial<\/strong> e no conforto t\u00e9rmico do ambiente.<\/p>\n\n\n\n<p>A seguir, exploramos por que solu\u00e7\u00f5es sob medida fazem toda a diferen\u00e7a na escolha de <strong>domos industriais<\/strong> e como essa decis\u00e3o impacta a opera\u00e7\u00e3o de grandes galp\u00f5es e estruturas.<\/p>\n\n\n\n<p><a href=\"https:\/\/www.requinte.ind.br\/blog\/domos-para-cobertura-metalica\/como-os-domos-para-cobertura-metalica-transformam-espacos-industriais\/\">Como os domos para cobertura met\u00e1lica transformam espa\u00e7os industriais<\/a><\/p>\n\n\n\n<h2 class=\"wp-block-heading\"><strong>A import\u00e2ncia de um fabricante de domos qualificado<\/strong><\/h2>\n\n\n\n<p>Um bom <strong>fabricante de domos<\/strong> vai muito al\u00e9m da entrega do produto. Ele entende o projeto como um todo, considera as necessidades espec\u00edficas da estrutura e prop\u00f5e as melhores solu\u00e7\u00f5es em <strong>domos industriais<\/strong>.<\/p>\n\n\n\n<p>A <strong>Requinte<\/strong>, com mais de 30 anos de experi\u00eancia, se destaca no mercado por combinar <strong>inova\u00e7\u00e3o<\/strong>, <strong>qualidade de desempenho<\/strong> e <strong>atendimento consultivo<\/strong>. Essa abordagem permite aos clientes identificar rapidamente o modelo ideal para cada aplica\u00e7\u00e3o, seja para ilumina\u00e7\u00e3o natural, ventila\u00e7\u00e3o ou ambos.<\/p>\n\n\n\n<h2 class=\"wp-block-heading\"><strong>Crit\u00e9rios t\u00e9cnicos para escolher um bom fabricante de domos<\/strong><\/h2>\n\n\n\n<p>Alguns aspectos devem ser considerados na hora de escolher um <strong>fabricante de domos industriais<\/strong>:<\/p>\n\n\n\n<ul class=\"wp-block-list\">\n<li><strong>Experi\u00eancia e portf\u00f3lio<\/strong> comprovados<br><\/li>\n\n\n\n<li>Materiais utilizados, como fibra de vidro ou resina de poli\u00e9ster<br><\/li>\n\n\n\n<li>Variedade de modelos: <strong>Domo Convencional Ventilado<\/strong>, <strong>Domo Convencional Fechado<\/strong>, <strong>Domo Exaustor 70<\/strong>, <strong>Domo Individual<\/strong><strong><br><\/strong><\/li>\n\n\n\n<li>Capacidade de personaliza\u00e7\u00e3o e adapta\u00e7\u00e3o ao projeto<br><\/li>\n<\/ul>\n\n\n\n<p>A <strong>Requinte<\/strong> oferece todos esses diferenciais. Seus domos s\u00e3o desenvolvidos para proporcionar <strong>efici\u00eancia t\u00e9rmica<\/strong>, <strong>redu\u00e7\u00e3o de custos com eletricidade<\/strong> e <strong>alta durabilidade<\/strong>.<\/p>\n\n\n\n<h2 class=\"wp-block-heading\"><strong>Como a experi\u00eancia e o portf\u00f3lio impactam na decis\u00e3o<\/strong><\/h2>\n\n\n\n<p>Fabricantes experientes t\u00eam capacidade de antever problemas, adaptar solu\u00e7\u00f5es e garantir melhor integra\u00e7\u00e3o com o projeto arquitet\u00f4nico e estrutural. O portf\u00f3lio tamb\u00e9m \u00e9 um forte indicativo da capacidade t\u00e9cnica e da versatilidade do fornecedor.<\/p>\n\n\n<div class=\"wp-block-image\">\n<figure class=\"alignright size-full is-resized\"><img loading=\"lazy\" decoding=\"async\" width=\"633\" height=\"464\" src=\"https:\/\/www.requinte.ind.br\/blog\/wp-content\/uploads\/2025\/02\/Captura-de-tela-2025-03-28-151445.jpg\" alt=\"A escolha do fabricante de domos industriais: solu\u00e7\u00f5es sob medida fazem a diferen\u00e7a\n\" class=\"wp-image-191\" style=\"width:306px;height:auto\" srcset=\"https:\/\/www.requinte.ind.br\/blog\/wp-content\/uploads\/2025\/02\/Captura-de-tela-2025-03-28-151445.jpg 633w, https:\/\/www.requinte.ind.br\/blog\/wp-content\/uploads\/2025\/02\/Captura-de-tela-2025-03-28-151445-300x220.jpg 300w, https:\/\/www.requinte.ind.br\/blog\/wp-content\/uploads\/2025\/02\/Captura-de-tela-2025-03-28-151445-82x60.jpg 82w\" sizes=\"auto, (max-width: 633px) 100vw, 633px\" \/><\/figure>\n<\/div>\n\n\n<p>A <strong>Requinte<\/strong>, por exemplo, oferece:<\/p>\n\n\n\n<ul class=\"wp-block-list\">\n<li><strong>Domos para Coberturas de Concreto<\/strong>, com alta leveza e durabilidade<br><\/li>\n\n\n\n<li><strong>Domos para Cobertura Met\u00e1lica<\/strong>, ideais para ventila\u00e7\u00e3o e ilumina\u00e7\u00e3o<br><\/li>\n<\/ul>\n\n\n\n<p>Al\u00e9m disso, seus modelos s\u00e3o pensados para <strong>facilidade de instala\u00e7\u00e3o<\/strong>, <strong>empilhamento eficiente<\/strong> e <strong>bom custo-benef\u00edcio<\/strong>.<\/p>\n\n\n\n<h2 class=\"wp-block-heading\"><strong>Modelos de domos industriais oferecidos pela Requinte<\/strong><\/h2>\n\n\n\n<p>A <strong>Requinte<\/strong> disp\u00f5e de uma linha completa e vers\u00e1til de <strong>domos industriais<\/strong>, pensada para atender diferentes tipos de edifica\u00e7\u00f5es e necessidades operacionais:<\/p>\n\n\n\n<p><strong>Domo Convencional Ventilado<\/strong>: Ideal para ambientes que exigem ventila\u00e7\u00e3o natural e ilumina\u00e7\u00e3o. Produzido em fibra de vidro, proporciona economia de energia el\u00e9trica e maior conforto t\u00e9rmico. Seu design favorece o empilhamento e otimiza o espa\u00e7o no transporte e na obra.<\/p>\n\n\n\n<p><strong>Domo Convencional Fechado<\/strong>: Indicado para ambientes climatizados que precisam apenas de ilumina\u00e7\u00e3o natural. Confeccionado em fiberglass, garante claridade sem comprometer o controle t\u00e9rmico do local.<\/p>\n\n\n\n<p><strong>Domo Exaustor 70<\/strong>: Um dos \u00fanicos no mercado com estrutura em monobloco e alta capacidade de exaust\u00e3o. \u00c9 fabricado em resina de poli\u00e9ster e tem pontos de fixa\u00e7\u00e3o pr\u00e9-definidos conforme o tipo de telha, o que garante facilidade de instala\u00e7\u00e3o e maior durabilidade.<\/p>\n\n\n\n<p><strong>Domo Individual<\/strong>: Desenvolvido sob medida para projetos com necessidades espec\u00edficas. Dispon\u00edvel em fibra de vidro ou fiberglass, combina <strong>personaliza\u00e7\u00e3o<\/strong> com alta performance em ventila\u00e7\u00e3o e ilumina\u00e7\u00e3o natural.<\/p>\n\n\n\n<p><strong>Domos para Coberturas de Concreto<\/strong>: Leves, dur\u00e1veis e com design moderno, esses domos proporcionam conforto t\u00e9rmico com ilumina\u00e7\u00e3o e ventila\u00e7\u00e3o naturais. S\u00e3o ideais para estruturas com lajes planas ou inclinadas.<\/p>\n\n\n\n<p><strong>Domos para Cobertura Met\u00e1lica<\/strong>: Facilitam a troca de ar e oferecem passagem de luz natural ao ambiente industrial. Podem ser instalados na cumeeira (lanternim) ou em linhas transversais, adaptando-se a diferentes projetos arquitet\u00f4nicos.<\/p>\n\n\n\n<p>Todos os modelos t\u00eam como foco a <strong>efici\u00eancia energ\u00e9tica<\/strong>, a <strong>durabilidade dos materiais<\/strong> e a <strong>facilidade de manuten\u00e7\u00e3o<\/strong>, sempre com o compromisso de entregar alta performance em conforto ambiental.<\/p>\n\n\n\n<h2 class=\"wp-block-heading\"><strong>Garantias, suporte e personaliza\u00e7\u00e3o: o diferencial dos l\u00edderes do setor<\/strong><\/h2>\n\n\n\n<p>Empresas que lideram o mercado de <strong>domos industriais<\/strong>, como a <strong>Requinte<\/strong>, n\u00e3o se limitam \u00e0 entrega do produto. Elas oferecem:<\/p>\n\n\n\n<ul class=\"wp-block-list\">\n<li><strong>Garantia de desempenho<\/strong> dos materiais<br><\/li>\n\n\n\n<li><strong>Suporte t\u00e9cnico<\/strong> em todas as etapas do projeto<br><\/li>\n\n\n\n<li>Solu\u00e7\u00f5es <strong>personalizadas<\/strong> conforme o tipo de cobertura<br><\/li>\n<\/ul>\n\n\n\n<p>A possibilidade de personaliza\u00e7\u00e3o \u00e9 essencial para atender projetos com demandas espec\u00edficas, sejam galp\u00f5es log\u00edsticos, plantas industriais ou centros de distribui\u00e7\u00e3o.<\/p>\n\n\n\n<p><a href=\"https:\/\/www.requinte.ind.br\/blog\/cobertura-de-concreto-pre-moldado\/cobertura-de-concreto-pre-moldado-tudo-o-que-voce-precisa-saber-sobre-eficiencia-e-durabilidade\/\">Cobertura de concreto pr\u00e9-moldado: tudo o que voc\u00ea precisa saber sobre efici\u00eancia e durabilidade<\/a><\/p>\n\n\n\n<h2 class=\"wp-block-heading\"><strong>Fabricante de domos: como garantir durabilidade e efici\u00eancia<\/strong><\/h2>\n\n\n\n<p>Ao escolher um fabricante, busque empresas que utilizem materiais reconhecidos por sua durabilidade, como a <strong>fibra de vidro<\/strong> e a <strong>resina de poli\u00e9ster<\/strong>. Esses componentes oferecem excelente resist\u00eancia aos agentes clim\u00e1ticos e longa vida \u00fa\u00e1til.<\/p>\n\n\n\n<p>A <strong>Requinte<\/strong>, al\u00e9m de utilizar materiais de ponta, projeta seus domos para <strong>facilidade de limpeza<\/strong>, <strong>instala\u00e7\u00e3o r\u00e1pida<\/strong> e <strong>manuten\u00e7\u00e3o reduzida<\/strong>. Isso garante \u00e0s ind\u00fastrias um ambiente mais <strong>iluminado<\/strong>, <strong>ventilado<\/strong> e com menor depend\u00eancia de recursos energ\u00e9ticos.<\/p>\n\n\n\n<p><strong>A escolha do fabricante \u00e9 decisiva<\/strong>. Invista em quem conhece o mercado, oferece solu\u00e7\u00f5es sob medida e comprova sua qualidade atrav\u00e9s da experi\u00eancia e da confian\u00e7a de seus clientes.<\/p>\n\n\n\n<p><strong><em>Quer garantir mais efici\u00eancia e durabilidade em sua cobertura industrial? <a href=\"https:\/\/www.requinte.ind.br\/\">Entre em contato<\/a> com a Requinte e descubra como nossos domos personalizados podem transformar seu projeto.<\/em><\/strong><\/p>\n","protected":false},"excerpt":{"rendered":"<p>Meta-descri\u00e7\u00e3o: Entenda como a escolha do fabricante de domos influencia diretamente a efici\u00eancia, durabilidade e conforto t\u00e9rmico das coberturas industriais. Em projetos industriais, cada detalhe conta para garantir desempenho, seguran\u00e7a e economia. Um desses detalhes, frequentemente subestimado, \u00e9 a escolha do fabricante de domos. Optar por um fornecedor experiente e com solu\u00e7\u00f5es personalizadas, como a &hellip; <\/p>\n","protected":false},"author":1,"featured_media":212,"comment_status":"open","ping_status":"open","sticky":false,"template":"","format":"standard","meta":{"footnotes":""},"categories":[46],"tags":[1281,700,1294,1287,1289,1288,1286,1285,708,1293,1291,979,849,1282,1280,1283,1292,1284,1290,34,852],"class_list":["post-211","post","type-post","status-publish","format-standard","has-post-thumbnail","hentry","category-domos-industriais","tag-cobertura-industrial","tag-domo-exaustor","tag-domo-exaustor-70","tag-domo-individual","tag-domos-com-iluminacao-natural","tag-domos-com-ventilacao-natural","tag-domos-convencionais-fechados","tag-domos-convencionais-ventilados","tag-domos-industriais","tag-domos-industriais-com-eficiencia-energetica","tag-domos-industriais-duraveis","tag-domos-industriais-personalizados","tag-domos-para-cobertura-metalica","tag-domos-para-coberturas-de-concreto","tag-fabricante-de-domos","tag-fabricante-de-domos-em-fibra-de-vidro","tag-fabricante-de-domos-para-cobertura-termica","tag-fabricante-de-domos-para-galpao-industrial","tag-fabricante-de-domos-requinte-sp","tag-fornecedor-de-domos-industriais","tag-requinte-domos-industriais","latest_post"],"yoast_head":"<!-- This site is optimized with the Yoast SEO plugin v24.6 - https:\/\/yoast.com\/wordpress\/plugins\/seo\/ -->\n<title>A escolha do fabricante de domos industriais: solu\u00e7\u00f5es sob medida fazem a diferen\u00e7a - Blog Requinte<\/title>\n<meta name=\"description\" content=\"Entenda como a escolha do fabricante de domos influencia diretamente a efici\u00eancia, durabilidade e conforto t\u00e9rmico das coberturas industriais.\" \/>\n<meta name=\"robots\" content=\"index, follow, max-snippet:-1, max-image-preview:large, max-video-preview:-1\" \/>\n<link rel=\"canonical\" href=\"https:\/\/www.requinte.ind.br\/blog\/a-escolha-do-fabricante-de-domos-industriais-solucoes-sob-medida-fazem-a-diferenca\/\" \/>\n<meta property=\"og:locale\" content=\"pt_BR\" \/>\n<meta property=\"og:type\" content=\"article\" \/>\n<meta property=\"og:title\" content=\"A escolha do fabricante de domos industriais: solu\u00e7\u00f5es sob medida fazem a diferen\u00e7a - Blog Requinte\" \/>\n<meta property=\"og:description\" content=\"Entenda como a escolha do fabricante de domos influencia diretamente a efici\u00eancia, durabilidade e conforto t\u00e9rmico das coberturas industriais.\" \/>\n<meta property=\"og:url\" content=\"https:\/\/www.requinte.ind.br\/blog\/a-escolha-do-fabricante-de-domos-industriais-solucoes-sob-medida-fazem-a-diferenca\/\" \/>\n<meta property=\"og:site_name\" content=\"Blog Requinte\" \/>\n<meta property=\"article:published_time\" content=\"2025-05-13T19:28:51+00:00\" \/>\n<meta property=\"article:modified_time\" content=\"2025-06-02T19:31:28+00:00\" \/>\n<meta property=\"og:image\" content=\"https:\/\/www.requinte.ind.br\/blog\/wp-content\/uploads\/2025\/06\/montagem-domos.jpg\" \/>\n\t<meta property=\"og:image:width\" content=\"689\" \/>\n\t<meta property=\"og:image:height\" content=\"517\" \/>\n\t<meta property=\"og:image:type\" content=\"image\/jpeg\" \/>\n<meta name=\"author\" content=\"admin\" \/>\n<meta name=\"twitter:card\" content=\"summary_large_image\" \/>\n<meta name=\"twitter:label1\" content=\"Escrito por\" \/>\n\t<meta name=\"twitter:data1\" content=\"admin\" \/>\n\t<meta name=\"twitter:label2\" content=\"Est. tempo de leitura\" \/>\n\t<meta name=\"twitter:data2\" content=\"5 minutos\" \/>\n<script type=\"application\/ld+json\" class=\"yoast-schema-graph\">{\"@context\":\"https:\/\/schema.org\",\"@graph\":[{\"@type\":\"Article\",\"@id\":\"https:\/\/www.requinte.ind.br\/blog\/a-escolha-do-fabricante-de-domos-industriais-solucoes-sob-medida-fazem-a-diferenca\/#article\",\"isPartOf\":{\"@id\":\"https:\/\/www.requinte.ind.br\/blog\/a-escolha-do-fabricante-de-domos-industriais-solucoes-sob-medida-fazem-a-diferenca\/\"},\"author\":{\"name\":\"admin\",\"@id\":\"https:\/\/www.requinte.ind.br\/blog\/#\/schema\/person\/e690b3470fc6f69562a8f68b3f31c5e8\"},\"headline\":\"A escolha do fabricante de domos industriais: solu\u00e7\u00f5es sob medida fazem a diferen\u00e7a\",\"datePublished\":\"2025-05-13T19:28:51+00:00\",\"dateModified\":\"2025-06-02T19:31:28+00:00\",\"mainEntityOfPage\":{\"@id\":\"https:\/\/www.requinte.ind.br\/blog\/a-escolha-do-fabricante-de-domos-industriais-solucoes-sob-medida-fazem-a-diferenca\/\"},\"wordCount\":946,\"commentCount\":0,\"publisher\":{\"@id\":\"https:\/\/www.requinte.ind.br\/blog\/#organization\"},\"image\":{\"@id\":\"https:\/\/www.requinte.ind.br\/blog\/a-escolha-do-fabricante-de-domos-industriais-solucoes-sob-medida-fazem-a-diferenca\/#primaryimage\"},\"thumbnailUrl\":\"https:\/\/www.requinte.ind.br\/blog\/wp-content\/uploads\/2025\/06\/montagem-domos.jpg\",\"keywords\":[\"cobertura industrial\",\"domo exaustor\",\"domo exaustor 70\",\"domo individual\",\"domos com ilumina\u00e7\u00e3o natural\",\"domos com ventila\u00e7\u00e3o natural\",\"domos convencionais fechados\",\"domos convencionais ventilados\",\"domos industriais\",\"domos industriais com efici\u00eancia energ\u00e9tica\",\"domos industriais dur\u00e1veis\",\"domos industriais personalizados\",\"domos para cobertura met\u00e1lica\",\"domos para coberturas de concreto\",\"fabricante de domos\",\"fabricante de domos em fibra de vidro\",\"fabricante de domos para cobertura t\u00e9rmica\",\"fabricante de domos para galp\u00e3o industrial\",\"fabricante de domos requinte sp\",\"fornecedor de domos industriais\",\"Requinte domos industriais\"],\"articleSection\":[\"Domos industriais\"],\"inLanguage\":\"pt-BR\",\"potentialAction\":[{\"@type\":\"CommentAction\",\"name\":\"Comment\",\"target\":[\"https:\/\/www.requinte.ind.br\/blog\/a-escolha-do-fabricante-de-domos-industriais-solucoes-sob-medida-fazem-a-diferenca\/#respond\"]}]},{\"@type\":\"WebPage\",\"@id\":\"https:\/\/www.requinte.ind.br\/blog\/a-escolha-do-fabricante-de-domos-industriais-solucoes-sob-medida-fazem-a-diferenca\/\",\"url\":\"https:\/\/www.requinte.ind.br\/blog\/a-escolha-do-fabricante-de-domos-industriais-solucoes-sob-medida-fazem-a-diferenca\/\",\"name\":\"A escolha do fabricante de domos industriais: solu\u00e7\u00f5es sob medida fazem a diferen\u00e7a - Blog Requinte\",\"isPartOf\":{\"@id\":\"https:\/\/www.requinte.ind.br\/blog\/#website\"},\"primaryImageOfPage\":{\"@id\":\"https:\/\/www.requinte.ind.br\/blog\/a-escolha-do-fabricante-de-domos-industriais-solucoes-sob-medida-fazem-a-diferenca\/#primaryimage\"},\"image\":{\"@id\":\"https:\/\/www.requinte.ind.br\/blog\/a-escolha-do-fabricante-de-domos-industriais-solucoes-sob-medida-fazem-a-diferenca\/#primaryimage\"},\"thumbnailUrl\":\"https:\/\/www.requinte.ind.br\/blog\/wp-content\/uploads\/2025\/06\/montagem-domos.jpg\",\"datePublished\":\"2025-05-13T19:28:51+00:00\",\"dateModified\":\"2025-06-02T19:31:28+00:00\",\"description\":\"Entenda como a escolha do fabricante de domos influencia diretamente a efici\u00eancia, durabilidade e conforto t\u00e9rmico das coberturas industriais.\",\"breadcrumb\":{\"@id\":\"https:\/\/www.requinte.ind.br\/blog\/a-escolha-do-fabricante-de-domos-industriais-solucoes-sob-medida-fazem-a-diferenca\/#breadcrumb\"},\"inLanguage\":\"pt-BR\",\"potentialAction\":[{\"@type\":\"ReadAction\",\"target\":[\"https:\/\/www.requinte.ind.br\/blog\/a-escolha-do-fabricante-de-domos-industriais-solucoes-sob-medida-fazem-a-diferenca\/\"]}]},{\"@type\":\"ImageObject\",\"inLanguage\":\"pt-BR\",\"@id\":\"https:\/\/www.requinte.ind.br\/blog\/a-escolha-do-fabricante-de-domos-industriais-solucoes-sob-medida-fazem-a-diferenca\/#primaryimage\",\"url\":\"https:\/\/www.requinte.ind.br\/blog\/wp-content\/uploads\/2025\/06\/montagem-domos.jpg\",\"contentUrl\":\"https:\/\/www.requinte.ind.br\/blog\/wp-content\/uploads\/2025\/06\/montagem-domos.jpg\",\"width\":689,\"height\":517,\"caption\":\"A escolha do fabricante de domos industriais: solu\u00e7\u00f5es sob medida fazem a diferen\u00e7a\"},{\"@type\":\"BreadcrumbList\",\"@id\":\"https:\/\/www.requinte.ind.br\/blog\/a-escolha-do-fabricante-de-domos-industriais-solucoes-sob-medida-fazem-a-diferenca\/#breadcrumb\",\"itemListElement\":[{\"@type\":\"ListItem\",\"position\":1,\"name\":\"In\u00edcio\",\"item\":\"https:\/\/www.requinte.ind.br\/blog\/\"},{\"@type\":\"ListItem\",\"position\":2,\"name\":\"A escolha do fabricante de domos industriais: solu\u00e7\u00f5es sob medida fazem a diferen\u00e7a\"}]},{\"@type\":\"WebSite\",\"@id\":\"https:\/\/www.requinte.ind.br\/blog\/#website\",\"url\":\"https:\/\/www.requinte.ind.br\/blog\/\",\"name\":\"Blog Requinte\",\"description\":\"\",\"publisher\":{\"@id\":\"https:\/\/www.requinte.ind.br\/blog\/#organization\"},\"potentialAction\":[{\"@type\":\"SearchAction\",\"target\":{\"@type\":\"EntryPoint\",\"urlTemplate\":\"https:\/\/www.requinte.ind.br\/blog\/?s={search_term_string}\"},\"query-input\":{\"@type\":\"PropertyValueSpecification\",\"valueRequired\":true,\"valueName\":\"search_term_string\"}}],\"inLanguage\":\"pt-BR\"},{\"@type\":\"Organization\",\"@id\":\"https:\/\/www.requinte.ind.br\/blog\/#organization\",\"name\":\"Blog Requinte\",\"url\":\"https:\/\/www.requinte.ind.br\/blog\/\",\"logo\":{\"@type\":\"ImageObject\",\"inLanguage\":\"pt-BR\",\"@id\":\"https:\/\/www.requinte.ind.br\/blog\/#\/schema\/logo\/image\/\",\"url\":\"https:\/\/www.requinte.ind.br\/blog\/wp-content\/uploads\/2024\/06\/logo-requinte.webp\",\"contentUrl\":\"https:\/\/www.requinte.ind.br\/blog\/wp-content\/uploads\/2024\/06\/logo-requinte.webp\",\"width\":130,\"height\":64,\"caption\":\"Blog Requinte\"},\"image\":{\"@id\":\"https:\/\/www.requinte.ind.br\/blog\/#\/schema\/logo\/image\/\"}},{\"@type\":\"Person\",\"@id\":\"https:\/\/www.requinte.ind.br\/blog\/#\/schema\/person\/e690b3470fc6f69562a8f68b3f31c5e8\",\"name\":\"admin\",\"image\":{\"@type\":\"ImageObject\",\"inLanguage\":\"pt-BR\",\"@id\":\"https:\/\/www.requinte.ind.br\/blog\/#\/schema\/person\/image\/\",\"url\":\"https:\/\/secure.gravatar.com\/avatar\/ac9557ba9d4c9d6a13579e7d8e52971a8505c7a89c69d895adfa73374e3a77b3?s=96&d=mm&r=g\",\"contentUrl\":\"https:\/\/secure.gravatar.com\/avatar\/ac9557ba9d4c9d6a13579e7d8e52971a8505c7a89c69d895adfa73374e3a77b3?s=96&d=mm&r=g\",\"caption\":\"admin\"},\"sameAs\":[\"https:\/\/www.requinte.ind.br\/blog\"],\"url\":\"https:\/\/www.requinte.ind.br\/blog\/author\/admin\/\"}]}<\/script>\n<!-- \/ Yoast SEO plugin. -->","yoast_head_json":{"title":"A escolha do fabricante de domos industriais: solu\u00e7\u00f5es sob medida fazem a diferen\u00e7a - Blog Requinte","description":"Entenda como a escolha do fabricante de domos influencia diretamente a efici\u00eancia, durabilidade e conforto t\u00e9rmico das coberturas industriais.","robots":{"index":"index","follow":"follow","max-snippet":"max-snippet:-1","max-image-preview":"max-image-preview:large","max-video-preview":"max-video-preview:-1"},"canonical":"https:\/\/www.requinte.ind.br\/blog\/a-escolha-do-fabricante-de-domos-industriais-solucoes-sob-medida-fazem-a-diferenca\/","og_locale":"pt_BR","og_type":"article","og_title":"A escolha do fabricante de domos industriais: solu\u00e7\u00f5es sob medida fazem a diferen\u00e7a - Blog Requinte","og_description":"Entenda como a escolha do fabricante de domos influencia diretamente a efici\u00eancia, durabilidade e conforto t\u00e9rmico das coberturas industriais.","og_url":"https:\/\/www.requinte.ind.br\/blog\/a-escolha-do-fabricante-de-domos-industriais-solucoes-sob-medida-fazem-a-diferenca\/","og_site_name":"Blog Requinte","article_published_time":"2025-05-13T19:28:51+00:00","article_modified_time":"2025-06-02T19:31:28+00:00","og_image":[{"width":689,"height":517,"url":"https:\/\/www.requinte.ind.br\/blog\/wp-content\/uploads\/2025\/06\/montagem-domos.jpg","type":"image\/jpeg"}],"author":"admin","twitter_card":"summary_large_image","twitter_misc":{"Escrito por":"admin","Est. tempo de leitura":"5 minutos"},"schema":{"@context":"https:\/\/schema.org","@graph":[{"@type":"Article","@id":"https:\/\/www.requinte.ind.br\/blog\/a-escolha-do-fabricante-de-domos-industriais-solucoes-sob-medida-fazem-a-diferenca\/#article","isPartOf":{"@id":"https:\/\/www.requinte.ind.br\/blog\/a-escolha-do-fabricante-de-domos-industriais-solucoes-sob-medida-fazem-a-diferenca\/"},"author":{"name":"admin","@id":"https:\/\/www.requinte.ind.br\/blog\/#\/schema\/person\/e690b3470fc6f69562a8f68b3f31c5e8"},"headline":"A escolha do fabricante de domos industriais: solu\u00e7\u00f5es sob medida fazem a diferen\u00e7a","datePublished":"2025-05-13T19:28:51+00:00","dateModified":"2025-06-02T19:31:28+00:00","mainEntityOfPage":{"@id":"https:\/\/www.requinte.ind.br\/blog\/a-escolha-do-fabricante-de-domos-industriais-solucoes-sob-medida-fazem-a-diferenca\/"},"wordCount":946,"commentCount":0,"publisher":{"@id":"https:\/\/www.requinte.ind.br\/blog\/#organization"},"image":{"@id":"https:\/\/www.requinte.ind.br\/blog\/a-escolha-do-fabricante-de-domos-industriais-solucoes-sob-medida-fazem-a-diferenca\/#primaryimage"},"thumbnailUrl":"https:\/\/www.requinte.ind.br\/blog\/wp-content\/uploads\/2025\/06\/montagem-domos.jpg","keywords":["cobertura industrial","domo exaustor","domo exaustor 70","domo individual","domos com ilumina\u00e7\u00e3o natural","domos com ventila\u00e7\u00e3o natural","domos convencionais fechados","domos convencionais ventilados","domos industriais","domos industriais com efici\u00eancia energ\u00e9tica","domos industriais dur\u00e1veis","domos industriais personalizados","domos para cobertura met\u00e1lica","domos para coberturas de concreto","fabricante de domos","fabricante de domos em fibra de vidro","fabricante de domos para cobertura t\u00e9rmica","fabricante de domos para galp\u00e3o industrial","fabricante de domos requinte sp","fornecedor de domos industriais","Requinte domos industriais"],"articleSection":["Domos industriais"],"inLanguage":"pt-BR","potentialAction":[{"@type":"CommentAction","name":"Comment","target":["https:\/\/www.requinte.ind.br\/blog\/a-escolha-do-fabricante-de-domos-industriais-solucoes-sob-medida-fazem-a-diferenca\/#respond"]}]},{"@type":"WebPage","@id":"https:\/\/www.requinte.ind.br\/blog\/a-escolha-do-fabricante-de-domos-industriais-solucoes-sob-medida-fazem-a-diferenca\/","url":"https:\/\/www.requinte.ind.br\/blog\/a-escolha-do-fabricante-de-domos-industriais-solucoes-sob-medida-fazem-a-diferenca\/","name":"A escolha do fabricante de domos industriais: solu\u00e7\u00f5es sob medida fazem a diferen\u00e7a - Blog Requinte","isPartOf":{"@id":"https:\/\/www.requinte.ind.br\/blog\/#website"},"primaryImageOfPage":{"@id":"https:\/\/www.requinte.ind.br\/blog\/a-escolha-do-fabricante-de-domos-industriais-solucoes-sob-medida-fazem-a-diferenca\/#primaryimage"},"image":{"@id":"https:\/\/www.requinte.ind.br\/blog\/a-escolha-do-fabricante-de-domos-industriais-solucoes-sob-medida-fazem-a-diferenca\/#primaryimage"},"thumbnailUrl":"https:\/\/www.requinte.ind.br\/blog\/wp-content\/uploads\/2025\/06\/montagem-domos.jpg","datePublished":"2025-05-13T19:28:51+00:00","dateModified":"2025-06-02T19:31:28+00:00","description":"Entenda como a escolha do fabricante de domos influencia diretamente a efici\u00eancia, durabilidade e conforto t\u00e9rmico das coberturas industriais.","breadcrumb":{"@id":"https:\/\/www.requinte.ind.br\/blog\/a-escolha-do-fabricante-de-domos-industriais-solucoes-sob-medida-fazem-a-diferenca\/#breadcrumb"},"inLanguage":"pt-BR","potentialAction":[{"@type":"ReadAction","target":["https:\/\/www.requinte.ind.br\/blog\/a-escolha-do-fabricante-de-domos-industriais-solucoes-sob-medida-fazem-a-diferenca\/"]}]},{"@type":"ImageObject","inLanguage":"pt-BR","@id":"https:\/\/www.requinte.ind.br\/blog\/a-escolha-do-fabricante-de-domos-industriais-solucoes-sob-medida-fazem-a-diferenca\/#primaryimage","url":"https:\/\/www.requinte.ind.br\/blog\/wp-content\/uploads\/2025\/06\/montagem-domos.jpg","contentUrl":"https:\/\/www.requinte.ind.br\/blog\/wp-content\/uploads\/2025\/06\/montagem-domos.jpg","width":689,"height":517,"caption":"A escolha do fabricante de domos industriais: solu\u00e7\u00f5es sob medida fazem a diferen\u00e7a"},{"@type":"BreadcrumbList","@id":"https:\/\/www.requinte.ind.br\/blog\/a-escolha-do-fabricante-de-domos-industriais-solucoes-sob-medida-fazem-a-diferenca\/#breadcrumb","itemListElement":[{"@type":"ListItem","position":1,"name":"In\u00edcio","item":"https:\/\/www.requinte.ind.br\/blog\/"},{"@type":"ListItem","position":2,"name":"A escolha do fabricante de domos industriais: solu\u00e7\u00f5es sob medida fazem a diferen\u00e7a"}]},{"@type":"WebSite","@id":"https:\/\/www.requinte.ind.br\/blog\/#website","url":"https:\/\/www.requinte.ind.br\/blog\/","name":"Blog Requinte","description":"","publisher":{"@id":"https:\/\/www.requinte.ind.br\/blog\/#organization"},"potentialAction":[{"@type":"SearchAction","target":{"@type":"EntryPoint","urlTemplate":"https:\/\/www.requinte.ind.br\/blog\/?s={search_term_string}"},"query-input":{"@type":"PropertyValueSpecification","valueRequired":true,"valueName":"search_term_string"}}],"inLanguage":"pt-BR"},{"@type":"Organization","@id":"https:\/\/www.requinte.ind.br\/blog\/#organization","name":"Blog Requinte","url":"https:\/\/www.requinte.ind.br\/blog\/","logo":{"@type":"ImageObject","inLanguage":"pt-BR","@id":"https:\/\/www.requinte.ind.br\/blog\/#\/schema\/logo\/image\/","url":"https:\/\/www.requinte.ind.br\/blog\/wp-content\/uploads\/2024\/06\/logo-requinte.webp","contentUrl":"https:\/\/www.requinte.ind.br\/blog\/wp-content\/uploads\/2024\/06\/logo-requinte.webp","width":130,"height":64,"caption":"Blog Requinte"},"image":{"@id":"https:\/\/www.requinte.ind.br\/blog\/#\/schema\/logo\/image\/"}},{"@type":"Person","@id":"https:\/\/www.requinte.ind.br\/blog\/#\/schema\/person\/e690b3470fc6f69562a8f68b3f31c5e8","name":"admin","image":{"@type":"ImageObject","inLanguage":"pt-BR","@id":"https:\/\/www.requinte.ind.br\/blog\/#\/schema\/person\/image\/","url":"https:\/\/secure.gravatar.com\/avatar\/ac9557ba9d4c9d6a13579e7d8e52971a8505c7a89c69d895adfa73374e3a77b3?s=96&d=mm&r=g","contentUrl":"https:\/\/secure.gravatar.com\/avatar\/ac9557ba9d4c9d6a13579e7d8e52971a8505c7a89c69d895adfa73374e3a77b3?s=96&d=mm&r=g","caption":"admin"},"sameAs":["https:\/\/www.requinte.ind.br\/blog"],"url":"https:\/\/www.requinte.ind.br\/blog\/author\/admin\/"}]}},"_links":{"self":[{"href":"https:\/\/www.requinte.ind.br\/blog\/wp-json\/wp\/v2\/posts\/211","targetHints":{"allow":["GET"]}}],"collection":[{"href":"https:\/\/www.requinte.ind.br\/blog\/wp-json\/wp\/v2\/posts"}],"about":[{"href":"https:\/\/www.requinte.ind.br\/blog\/wp-json\/wp\/v2\/types\/post"}],"author":[{"embeddable":true,"href":"https:\/\/www.requinte.ind.br\/blog\/wp-json\/wp\/v2\/users\/1"}],"replies":[{"embeddable":true,"href":"https:\/\/www.requinte.ind.br\/blog\/wp-json\/wp\/v2\/comments?post=211"}],"version-history":[{"count":1,"href":"https:\/\/www.requinte.ind.br\/blog\/wp-json\/wp\/v2\/posts\/211\/revisions"}],"predecessor-version":[{"id":213,"href":"https:\/\/www.requinte.ind.br\/blog\/wp-json\/wp\/v2\/posts\/211\/revisions\/213"}],"wp:featuredmedia":[{"embeddable":true,"href":"https:\/\/www.requinte.ind.br\/blog\/wp-json\/wp\/v2\/media\/212"}],"wp:attachment":[{"href":"https:\/\/www.requinte.ind.br\/blog\/wp-json\/wp\/v2\/media?parent=211"}],"wp:term":[{"taxonomy":"category","embeddable":true,"href":"https:\/\/www.requinte.ind.br\/blog\/wp-json\/wp\/v2\/categories?post=211"},{"taxonomy":"post_tag","embeddable":true,"href":"https:\/\/www.requinte.ind.br\/blog\/wp-json\/wp\/v2\/tags?post=211"}],"curies":[{"name":"wp","href":"https:\/\/api.w.org\/{rel}","templated":true}]}}